{"id":1896,"date":"2020-06-30T15:37:48","date_gmt":"2020-06-30T15:37:48","guid":{"rendered":"https:\/\/tukitco.net\/?p=1896"},"modified":"2023-01-11T19:17:08","modified_gmt":"2023-01-11T19:17:08","slug":"soy-adolescente-debo-saber-cual-es-mi-vocacion","status":"publish","type":"post","link":"https:\/\/tukitco.net\/es\/2020\/06\/30\/soy-adolescente-debo-saber-cual-es-mi-vocacion\/","title":{"rendered":"Soy adolescente, \u00bfdebo saber cu\u00e1l es mi vocaci\u00f3n?"},"content":{"rendered":"\t\t<div data-elementor-type=\"wp-post\" data-elementor-id=\"1896\" class=\"elementor elementor-1896\" data-elementor-post-type=\"post\">\n\t\t\t\t\t\t<section data-particle_enable=\"false\" data-particle-mobile-disabled=\"false\" class=\"elementor-section elementor-top-section elementor-element elementor-element-46410115 elementor-section-stretched elementor-section-boxed elementor-section-height-default elementor-section-height-default\" data-id=\"46410115\" data-element_type=\"section\" data-e-type=\"section\" data-settings=\"{&quot;stretch_section&quot;:&quot;section-stretched&quot;}\">\n\t\t\t\t\t\t<div class=\"elementor-container elementor-column-gap-default\">\n\t\t\t\t\t<div class=\"elementor-column elementor-col-100 elementor-top-column elementor-element elementor-element-1b2d7f4d\" data-id=\"1b2d7f4d\" data-element_type=\"column\" data-e-type=\"column\">\n\t\t\t<div class=\"elementor-widget-wrap elementor-element-populated\">\n\t\t\t\t\t\t<div class=\"elementor-element elementor-element-7967f2eb elementor-widget elementor-widget-text-editor\" data-id=\"7967f2eb\" data-element_type=\"widget\" data-e-type=\"widget\" data-widget_type=\"text-editor.default\">\n\t\t\t\t<div class=\"elementor-widget-container\">\n\t\t\t\t\t\t\t\t\t<p>Consideremos por \u201cvocaci\u00f3n\u201d lo que Ken Robinson, experto en el desarrollo del potencial humano, considera \u201cEl elemento\u201d.\u00a0<strong>Tu vocaci\u00f3n o elemento ser\u00eda aquello que confluye entre lo que te gusta hacer y lo que eres bueno (tus talentos)<\/strong>.<\/p><p>\u00bfPor qu\u00e9 es importante conocer tu vocaci\u00f3n o elemento? Conocer tu vocaci\u00f3n o elemento es vital para comprender qui\u00e9n eres y saber qu\u00e9 puedes hacer con tu vida.<\/p><p>Es la mejor manera de encontrar un trabajo que te satisfaga. La evidencia est\u00e1 en los estudios actuales: m\u00e1s de un 80% de las personas no est\u00e1n satisfechas con su trabajo. \u00bfQuieres ser uno\/a de ellos\/as?<\/p><p>Nos encontramos en un entorno VUCA, por sus siglas en ingl\u00e9s, vol\u00e1til, incierto, complejo y ambiguo. Estamos viviendo en una revoluci\u00f3n tecnol\u00f3gica y social, con cambios en los modelos de negocio, cambios en la manera de relacionarnos, y en general en la manera en que vivimos. La Universidad de Oxford estima que el 47% de los trabajos actuales desaparecer\u00e1n en 20 a\u00f1os.<\/p><p>En este contexto de incertidumbre y cambio constante, la manera de asegurarnos la satisfacci\u00f3n en nuestra vida es\u00a0<strong>desarrollar nuestro elemento, aquello en lo que somos buenos y nos gusta hacer. Esto nos va a permitir poner pasi\u00f3n y esfuerzo por conseguir nuestros objetivos diferenci\u00e1ndonos de los dem\u00e1s, y eso es lo que te llevar\u00e1 al \u00e9xito<\/strong>.<\/p><p><\/p><\/div><\/div><\/div><\/div><\/div><\/section><\/div> <a href=\"https:\/\/tukitco.net\/es\/2020\/06\/30\/soy-adolescente-debo-saber-cual-es-mi-vocacion\/#more-1896\" class=\"more-link elementor-more-link\"><span aria-label=\"Sigue leyendo Soy adolescente, \u00bfdebo saber cu\u00e1l es mi vocaci\u00f3n?\">(m\u00e1s&hellip;)<\/span><\/a>","protected":false},"excerpt":{"rendered":"<p>Consideremos por \u201cvocaci\u00f3n\u201d lo que Ken Robinson, experto en el desarrollo del potencial humano, considera \u201cEl elemento\u201d.\u00a0Tu vocaci\u00f3n o elemento ser\u00eda aquello que confluye entre lo que te gusta hacer y lo que eres bueno (tus talentos). \u00bfPor qu\u00e9 es importante conocer tu vocaci\u00f3n o elemento? Conocer tu vocaci\u00f3n o elemento es vital para comprender &hellip; <\/p>\n<p class=\"link-more\"><a href=\"https:\/\/tukitco.net\/es\/2020\/06\/30\/soy-adolescente-debo-saber-cual-es-mi-vocacion\/\" class=\"more-link\">Continuar leyendo<span class=\"screen-reader-text\"> &#8220;Soy adolescente, \u00bfdebo saber cu\u00e1l es mi vocaci\u00f3n?&#8221;<\/span><\/a><\/p>\n","protected":false},"author":177201424,"featured_media":15710,"comment_status":"open","ping_status":"open","sticky":false,"template":"","format":"standard","meta":{"_eb_attr":"","_crdt_document":"","_jetpack_newsletter_access":"","_jetpack_dont_email_post_to_subs":false,"_jetpack_newsletter_tier_id":0,"_jetpack_memberships_contains_paywalled_content":false,"_jetpack_memberships_contains_paid_content":false,"footnotes":"","jetpack_post_was_ever_published":false},"categories":[121906],"tags":[121911,121850,121892,121923],"class_list":["post-1896","post","type-post","status-publish","format-standard","has-post-thumbnail","hentry","category-articulos","tag-adolescente","tag-emociones","tag-talentos","tag-vocacion"],"yoast_head":"<!-- This site is optimized with the Yoast SEO Premium plugin v20.8 (Yoast SEO v27.5) - https:\/\/yoast.com\/product\/yoast-seo-premium-wordpress\/ -->\n<title>Soy adolescente, \u00bfdebo saber cu\u00e1l es mi vocaci\u00f3n? &#8211; KitCo<\/title>\n<meta name=\"robots\" content=\"index, follow, max-snippet:-1, max-image-preview:large, max-video-preview:-1\" \/>\n<link rel=\"canonical\" href=\"https:\/\/tukitco.net\/es\/2020\/06\/30\/soy-adolescente-debo-saber-cual-es-mi-vocacion\/\" \/>\n<meta property=\"og:locale\" content=\"es_ES\" \/>\n<meta property=\"og:type\" content=\"article\" \/>\n<meta property=\"og:title\" content=\"Soy adolescente, \u00bfdebo saber cu\u00e1l es mi vocaci\u00f3n?\" \/>\n<meta property=\"og:description\" content=\"Consideremos por \u201cvocaci\u00f3n\u201d lo que Ken Robinson, experto en el desarrollo del potencial humano, considera \u201cEl elemento\u201d.\u00a0Tu vocaci\u00f3n o elemento ser\u00eda\" \/>\n<meta property=\"og:url\" content=\"https:\/\/tukitco.net\/es\/2020\/06\/30\/soy-adolescente-debo-saber-cual-es-mi-vocacion\/\" \/>\n<meta property=\"og:site_name\" content=\"KitCo\" \/>\n<meta property=\"article:publisher\" content=\"https:\/\/www.facebook.com\/KitCoCoaching\/\" \/>\n<meta property=\"article:published_time\" content=\"2020-06-30T15:37:48+00:00\" \/>\n<meta property=\"article:modified_time\" content=\"2023-01-11T19:17:08+00:00\" \/>\n<meta property=\"og:image\" content=\"https:\/\/tukitco.net\/wp-content\/uploads\/2020\/06\/Diseno-sin-titulo-1.jpg\" \/>\n\t<meta property=\"og:image:width\" content=\"1920\" \/>\n\t<meta property=\"og:image:height\" content=\"1080\" \/>\n\t<meta property=\"og:image:type\" content=\"image\/jpeg\" \/>\n<meta name=\"author\" content=\"Elsa Gimenez Buendia\" \/>\n<meta name=\"twitter:card\" content=\"summary_large_image\" \/>\n<meta name=\"twitter:creator\" content=\"@ElsaGimnez\" \/>\n<meta name=\"twitter:site\" content=\"@ElsaGimnez\" \/>\n<meta name=\"twitter:label1\" content=\"Escrito por\" \/>\n\t<meta name=\"twitter:data1\" content=\"Elsa Gimenez Buendia\" \/>\n\t<meta name=\"twitter:label2\" content=\"Tiempo de lectura\" \/>\n\t<meta name=\"twitter:data2\" content=\"3 minutos\" \/>\n<script type=\"application\/ld+json\" class=\"yoast-schema-graph\">{\"@context\":\"https:\\\/\\\/schema.org\",\"@graph\":[{\"@type\":\"Article\",\"@id\":\"https:\\\/\\\/tukitco.net\\\/2020\\\/06\\\/30\\\/soy-adolescente-debo-saber-cual-es-mi-vocacion\\\/#article\",\"isPartOf\":{\"@id\":\"https:\\\/\\\/tukitco.net\\\/2020\\\/06\\\/30\\\/soy-adolescente-debo-saber-cual-es-mi-vocacion\\\/\"},\"author\":{\"name\":\"Elsa Gimenez Buendia\",\"@id\":\"https:\\\/\\\/tukitco.net\\\/#\\\/schema\\\/person\\\/45b5e560063cf5bcb8261bb671af34d6\"},\"headline\":\"Soy adolescente, \u00bfdebo saber cu\u00e1l es mi vocaci\u00f3n?\",\"datePublished\":\"2020-06-30T15:37:48+00:00\",\"dateModified\":\"2023-01-11T19:17:08+00:00\",\"mainEntityOfPage\":{\"@id\":\"https:\\\/\\\/tukitco.net\\\/2020\\\/06\\\/30\\\/soy-adolescente-debo-saber-cual-es-mi-vocacion\\\/\"},\"wordCount\":597,\"commentCount\":0,\"publisher\":{\"@id\":\"https:\\\/\\\/tukitco.net\\\/#organization\"},\"image\":{\"@id\":\"https:\\\/\\\/tukitco.net\\\/2020\\\/06\\\/30\\\/soy-adolescente-debo-saber-cual-es-mi-vocacion\\\/#primaryimage\"},\"thumbnailUrl\":\"https:\\\/\\\/i0.wp.com\\\/tukitco.net\\\/wp-content\\\/uploads\\\/2020\\\/06\\\/Diseno-sin-titulo-1.jpg?fit=1920%2C1080&ssl=1\",\"keywords\":[\"Adolescente\",\"Emociones\",\"Talentos\",\"Vocaci\u00f3n\"],\"articleSection\":[\"Art\u00edculos\"],\"inLanguage\":\"es\",\"potentialAction\":[{\"@type\":\"CommentAction\",\"name\":\"Comment\",\"target\":[\"https:\\\/\\\/tukitco.net\\\/2020\\\/06\\\/30\\\/soy-adolescente-debo-saber-cual-es-mi-vocacion\\\/#respond\"]}]},{\"@type\":\"WebPage\",\"@id\":\"https:\\\/\\\/tukitco.net\\\/2020\\\/06\\\/30\\\/soy-adolescente-debo-saber-cual-es-mi-vocacion\\\/\",\"url\":\"https:\\\/\\\/tukitco.net\\\/2020\\\/06\\\/30\\\/soy-adolescente-debo-saber-cual-es-mi-vocacion\\\/\",\"name\":\"Soy adolescente, \u00bfdebo saber cu\u00e1l es mi vocaci\u00f3n? &#8211; KitCo\",\"isPartOf\":{\"@id\":\"https:\\\/\\\/tukitco.net\\\/#website\"},\"primaryImageOfPage\":{\"@id\":\"https:\\\/\\\/tukitco.net\\\/2020\\\/06\\\/30\\\/soy-adolescente-debo-saber-cual-es-mi-vocacion\\\/#primaryimage\"},\"image\":{\"@id\":\"https:\\\/\\\/tukitco.net\\\/2020\\\/06\\\/30\\\/soy-adolescente-debo-saber-cual-es-mi-vocacion\\\/#primaryimage\"},\"thumbnailUrl\":\"https:\\\/\\\/i0.wp.com\\\/tukitco.net\\\/wp-content\\\/uploads\\\/2020\\\/06\\\/Diseno-sin-titulo-1.jpg?fit=1920%2C1080&ssl=1\",\"datePublished\":\"2020-06-30T15:37:48+00:00\",\"dateModified\":\"2023-01-11T19:17:08+00:00\",\"breadcrumb\":{\"@id\":\"https:\\\/\\\/tukitco.net\\\/2020\\\/06\\\/30\\\/soy-adolescente-debo-saber-cual-es-mi-vocacion\\\/#breadcrumb\"},\"inLanguage\":\"es\",\"potentialAction\":[{\"@type\":\"ReadAction\",\"target\":[\"https:\\\/\\\/tukitco.net\\\/2020\\\/06\\\/30\\\/soy-adolescente-debo-saber-cual-es-mi-vocacion\\\/\"]}]},{\"@type\":\"ImageObject\",\"inLanguage\":\"es\",\"@id\":\"https:\\\/\\\/tukitco.net\\\/2020\\\/06\\\/30\\\/soy-adolescente-debo-saber-cual-es-mi-vocacion\\\/#primaryimage\",\"url\":\"https:\\\/\\\/i0.wp.com\\\/tukitco.net\\\/wp-content\\\/uploads\\\/2020\\\/06\\\/Diseno-sin-titulo-1.jpg?fit=1920%2C1080&ssl=1\",\"contentUrl\":\"https:\\\/\\\/i0.wp.com\\\/tukitco.net\\\/wp-content\\\/uploads\\\/2020\\\/06\\\/Diseno-sin-titulo-1.jpg?fit=1920%2C1080&ssl=1\",\"width\":1920,\"height\":1080},{\"@type\":\"BreadcrumbList\",\"@id\":\"https:\\\/\\\/tukitco.net\\\/2020\\\/06\\\/30\\\/soy-adolescente-debo-saber-cual-es-mi-vocacion\\\/#breadcrumb\",\"itemListElement\":[{\"@type\":\"ListItem\",\"position\":1,\"name\":\"Portada\",\"item\":\"https:\\\/\\\/tukitco.net\\\/\"},{\"@type\":\"ListItem\",\"position\":2,\"name\":\"Soy adolescente, \u00bfdebo saber cu\u00e1l es mi vocaci\u00f3n?\"}]},{\"@type\":\"WebSite\",\"@id\":\"https:\\\/\\\/tukitco.net\\\/#website\",\"url\":\"https:\\\/\\\/tukitco.net\\\/\",\"name\":\"KitCo\",\"description\":\"Juegos de Talentos, Valores y Emociones\",\"publisher\":{\"@id\":\"https:\\\/\\\/tukitco.net\\\/#organization\"},\"potentialAction\":[{\"@type\":\"SearchAction\",\"target\":{\"@type\":\"EntryPoint\",\"urlTemplate\":\"https:\\\/\\\/tukitco.net\\\/?s={search_term_string}\"},\"query-input\":{\"@type\":\"PropertyValueSpecification\",\"valueRequired\":true,\"valueName\":\"search_term_string\"}}],\"inLanguage\":\"es\"},{\"@type\":\"Organization\",\"@id\":\"https:\\\/\\\/tukitco.net\\\/#organization\",\"name\":\"KitCo For personal development\",\"url\":\"https:\\\/\\\/tukitco.net\\\/\",\"logo\":{\"@type\":\"ImageObject\",\"inLanguage\":\"es\",\"@id\":\"https:\\\/\\\/tukitco.net\\\/#\\\/schema\\\/logo\\\/image\\\/\",\"url\":\"https:\\\/\\\/tukitco.net\\\/wp-content\\\/uploads\\\/2020\\\/06\\\/KITCO-COR-FONDO-TRANSPARENTE-GORDO-8-SOLO-CARA-1.png\",\"contentUrl\":\"https:\\\/\\\/tukitco.net\\\/wp-content\\\/uploads\\\/2020\\\/06\\\/KITCO-COR-FONDO-TRANSPARENTE-GORDO-8-SOLO-CARA-1.png\",\"width\":1618,\"height\":1622,\"caption\":\"KitCo For personal development\"},\"image\":{\"@id\":\"https:\\\/\\\/tukitco.net\\\/#\\\/schema\\\/logo\\\/image\\\/\"},\"sameAs\":[\"https:\\\/\\\/www.facebook.com\\\/KitCoCoaching\\\/\",\"https:\\\/\\\/x.com\\\/ElsaGimnez\",\"https:\\\/\\\/www.instagram.com\\\/tukitco\\\/\",\"https:\\\/\\\/www.linkedin.com\\\/company\\\/tukitco\\\/\",\"https:\\\/\\\/www.youtube.com\\\/channel\\\/UCPAGQ-h0cDjdBnT87RvFK8w\"]},{\"@type\":\"Person\",\"@id\":\"https:\\\/\\\/tukitco.net\\\/#\\\/schema\\\/person\\\/45b5e560063cf5bcb8261bb671af34d6\",\"name\":\"Elsa Gimenez Buendia\",\"image\":{\"@type\":\"ImageObject\",\"inLanguage\":\"es\",\"@id\":\"https:\\\/\\\/secure.gravatar.com\\\/avatar\\\/b3ee9f2da2833b516f8fc3ac775bbd215551429f9022a03488972f78a85b5b9f?s=96&d=identicon&r=g\",\"url\":\"https:\\\/\\\/secure.gravatar.com\\\/avatar\\\/b3ee9f2da2833b516f8fc3ac775bbd215551429f9022a03488972f78a85b5b9f?s=96&d=identicon&r=g\",\"contentUrl\":\"https:\\\/\\\/secure.gravatar.com\\\/avatar\\\/b3ee9f2da2833b516f8fc3ac775bbd215551429f9022a03488972f78a85b5b9f?s=96&d=identicon&r=g\",\"caption\":\"Elsa Gimenez Buendia\"},\"url\":\"https:\\\/\\\/tukitco.net\\\/es\\\/author\\\/elsa-gimenez\\\/\"}]}<\/script>\n<!-- \/ Yoast SEO Premium plugin. -->","yoast_head_json":{"title":"Soy adolescente, \u00bfdebo saber cu\u00e1l es mi vocaci\u00f3n? &#8211; KitCo","robots":{"index":"index","follow":"follow","max-snippet":"max-snippet:-1","max-image-preview":"max-image-preview:large","max-video-preview":"max-video-preview:-1"},"canonical":"https:\/\/tukitco.net\/es\/2020\/06\/30\/soy-adolescente-debo-saber-cual-es-mi-vocacion\/","og_locale":"es_ES","og_type":"article","og_title":"Soy adolescente, \u00bfdebo saber cu\u00e1l es mi vocaci\u00f3n?","og_description":"Consideremos por \u201cvocaci\u00f3n\u201d lo que Ken Robinson, experto en el desarrollo del potencial humano, considera \u201cEl elemento\u201d.\u00a0Tu vocaci\u00f3n o elemento ser\u00eda","og_url":"https:\/\/tukitco.net\/es\/2020\/06\/30\/soy-adolescente-debo-saber-cual-es-mi-vocacion\/","og_site_name":"KitCo","article_publisher":"https:\/\/www.facebook.com\/KitCoCoaching\/","article_published_time":"2020-06-30T15:37:48+00:00","article_modified_time":"2023-01-11T19:17:08+00:00","og_image":[{"width":1920,"height":1080,"url":"https:\/\/tukitco.net\/wp-content\/uploads\/2020\/06\/Diseno-sin-titulo-1.jpg","type":"image\/jpeg"}],"author":"Elsa Gimenez Buendia","twitter_card":"summary_large_image","twitter_creator":"@ElsaGimnez","twitter_site":"@ElsaGimnez","twitter_misc":{"Escrito por":"Elsa Gimenez Buendia","Tiempo de lectura":"3 minutos"},"schema":{"@context":"https:\/\/schema.org","@graph":[{"@type":"Article","@id":"https:\/\/tukitco.net\/2020\/06\/30\/soy-adolescente-debo-saber-cual-es-mi-vocacion\/#article","isPartOf":{"@id":"https:\/\/tukitco.net\/2020\/06\/30\/soy-adolescente-debo-saber-cual-es-mi-vocacion\/"},"author":{"name":"Elsa Gimenez Buendia","@id":"https:\/\/tukitco.net\/#\/schema\/person\/45b5e560063cf5bcb8261bb671af34d6"},"headline":"Soy adolescente, \u00bfdebo saber cu\u00e1l es mi vocaci\u00f3n?","datePublished":"2020-06-30T15:37:48+00:00","dateModified":"2023-01-11T19:17:08+00:00","mainEntityOfPage":{"@id":"https:\/\/tukitco.net\/2020\/06\/30\/soy-adolescente-debo-saber-cual-es-mi-vocacion\/"},"wordCount":597,"commentCount":0,"publisher":{"@id":"https:\/\/tukitco.net\/#organization"},"image":{"@id":"https:\/\/tukitco.net\/2020\/06\/30\/soy-adolescente-debo-saber-cual-es-mi-vocacion\/#primaryimage"},"thumbnailUrl":"https:\/\/i0.wp.com\/tukitco.net\/wp-content\/uploads\/2020\/06\/Diseno-sin-titulo-1.jpg?fit=1920%2C1080&ssl=1","keywords":["Adolescente","Emociones","Talentos","Vocaci\u00f3n"],"articleSection":["Art\u00edculos"],"inLanguage":"es","potentialAction":[{"@type":"CommentAction","name":"Comment","target":["https:\/\/tukitco.net\/2020\/06\/30\/soy-adolescente-debo-saber-cual-es-mi-vocacion\/#respond"]}]},{"@type":"WebPage","@id":"https:\/\/tukitco.net\/2020\/06\/30\/soy-adolescente-debo-saber-cual-es-mi-vocacion\/","url":"https:\/\/tukitco.net\/2020\/06\/30\/soy-adolescente-debo-saber-cual-es-mi-vocacion\/","name":"Soy adolescente, \u00bfdebo saber cu\u00e1l es mi vocaci\u00f3n? &#8211; KitCo","isPartOf":{"@id":"https:\/\/tukitco.net\/#website"},"primaryImageOfPage":{"@id":"https:\/\/tukitco.net\/2020\/06\/30\/soy-adolescente-debo-saber-cual-es-mi-vocacion\/#primaryimage"},"image":{"@id":"https:\/\/tukitco.net\/2020\/06\/30\/soy-adolescente-debo-saber-cual-es-mi-vocacion\/#primaryimage"},"thumbnailUrl":"https:\/\/i0.wp.com\/tukitco.net\/wp-content\/uploads\/2020\/06\/Diseno-sin-titulo-1.jpg?fit=1920%2C1080&ssl=1","datePublished":"2020-06-30T15:37:48+00:00","dateModified":"2023-01-11T19:17:08+00:00","breadcrumb":{"@id":"https:\/\/tukitco.net\/2020\/06\/30\/soy-adolescente-debo-saber-cual-es-mi-vocacion\/#breadcrumb"},"inLanguage":"es","potentialAction":[{"@type":"ReadAction","target":["https:\/\/tukitco.net\/2020\/06\/30\/soy-adolescente-debo-saber-cual-es-mi-vocacion\/"]}]},{"@type":"ImageObject","inLanguage":"es","@id":"https:\/\/tukitco.net\/2020\/06\/30\/soy-adolescente-debo-saber-cual-es-mi-vocacion\/#primaryimage","url":"https:\/\/i0.wp.com\/tukitco.net\/wp-content\/uploads\/2020\/06\/Diseno-sin-titulo-1.jpg?fit=1920%2C1080&ssl=1","contentUrl":"https:\/\/i0.wp.com\/tukitco.net\/wp-content\/uploads\/2020\/06\/Diseno-sin-titulo-1.jpg?fit=1920%2C1080&ssl=1","width":1920,"height":1080},{"@type":"BreadcrumbList","@id":"https:\/\/tukitco.net\/2020\/06\/30\/soy-adolescente-debo-saber-cual-es-mi-vocacion\/#breadcrumb","itemListElement":[{"@type":"ListItem","position":1,"name":"Portada","item":"https:\/\/tukitco.net\/"},{"@type":"ListItem","position":2,"name":"Soy adolescente, \u00bfdebo saber cu\u00e1l es mi vocaci\u00f3n?"}]},{"@type":"WebSite","@id":"https:\/\/tukitco.net\/#website","url":"https:\/\/tukitco.net\/","name":"KitCo","description":"Juegos de Talentos, Valores y Emociones","publisher":{"@id":"https:\/\/tukitco.net\/#organization"},"potentialAction":[{"@type":"SearchAction","target":{"@type":"EntryPoint","urlTemplate":"https:\/\/tukitco.net\/?s={search_term_string}"},"query-input":{"@type":"PropertyValueSpecification","valueRequired":true,"valueName":"search_term_string"}}],"inLanguage":"es"},{"@type":"Organization","@id":"https:\/\/tukitco.net\/#organization","name":"KitCo For personal development","url":"https:\/\/tukitco.net\/","logo":{"@type":"ImageObject","inLanguage":"es","@id":"https:\/\/tukitco.net\/#\/schema\/logo\/image\/","url":"https:\/\/tukitco.net\/wp-content\/uploads\/2020\/06\/KITCO-COR-FONDO-TRANSPARENTE-GORDO-8-SOLO-CARA-1.png","contentUrl":"https:\/\/tukitco.net\/wp-content\/uploads\/2020\/06\/KITCO-COR-FONDO-TRANSPARENTE-GORDO-8-SOLO-CARA-1.png","width":1618,"height":1622,"caption":"KitCo For personal development"},"image":{"@id":"https:\/\/tukitco.net\/#\/schema\/logo\/image\/"},"sameAs":["https:\/\/www.facebook.com\/KitCoCoaching\/","https:\/\/x.com\/ElsaGimnez","https:\/\/www.instagram.com\/tukitco\/","https:\/\/www.linkedin.com\/company\/tukitco\/","https:\/\/www.youtube.com\/channel\/UCPAGQ-h0cDjdBnT87RvFK8w"]},{"@type":"Person","@id":"https:\/\/tukitco.net\/#\/schema\/person\/45b5e560063cf5bcb8261bb671af34d6","name":"Elsa Gimenez Buendia","image":{"@type":"ImageObject","inLanguage":"es","@id":"https:\/\/secure.gravatar.com\/avatar\/b3ee9f2da2833b516f8fc3ac775bbd215551429f9022a03488972f78a85b5b9f?s=96&d=identicon&r=g","url":"https:\/\/secure.gravatar.com\/avatar\/b3ee9f2da2833b516f8fc3ac775bbd215551429f9022a03488972f78a85b5b9f?s=96&d=identicon&r=g","contentUrl":"https:\/\/secure.gravatar.com\/avatar\/b3ee9f2da2833b516f8fc3ac775bbd215551429f9022a03488972f78a85b5b9f?s=96&d=identicon&r=g","caption":"Elsa Gimenez Buendia"},"url":"https:\/\/tukitco.net\/es\/author\/elsa-gimenez\/"}]}},"jetpack_featured_media_url":"https:\/\/i0.wp.com\/tukitco.net\/wp-content\/uploads\/2020\/06\/Diseno-sin-titulo-1.jpg?fit=1920%2C1080&ssl=1","jetpack_likes_enabled":true,"jetpack_shortlink":"https:\/\/wp.me\/pbxVe8-uA","jetpack-related-posts":[{"id":1980,"url":"https:\/\/tukitco.net\/es\/2020\/07\/20\/equivocandome-sin-parar-desde-1999\/","url_meta":{"origin":1896,"position":0},"title":"\u201cEquivoc\u00e1ndome sin parar desde 1999\u201d.","author":"Nacho Herrero","date":"20 julio, 2020","format":false,"excerpt":"Mi carrera profesional ha sido, hasta no hace mucho tiempo, una sucesi\u00f3n de decisiones equivocadas. Una detr\u00e1s de otra. Podr\u00eda hasta ponerle un slogan \u201cequivoc\u00e1ndome sin parar desde 1999\u201d. Tambi\u00e9n he tenido aciertos y alegr\u00edas, pero mi trabajo siempre ha estado en un segundo (o tercer o cuarto\u2026) plano en\u2026","rel":"","context":"En \u00abArt\u00edculos\u00bb","block_context":{"text":"Art\u00edculos","link":"https:\/\/tukitco.net\/es\/category\/articulos\/"},"img":{"alt_text":"","src":"https:\/\/i0.wp.com\/tukitco.net\/wp-content\/uploads\/2020\/07\/Diseno-sin-titulo-5.jpg?fit=1200%2C675&ssl=1&resize=350%2C200","width":350,"height":200,"srcset":"https:\/\/i0.wp.com\/tukitco.net\/wp-content\/uploads\/2020\/07\/Diseno-sin-titulo-5.jpg?fit=1200%2C675&ssl=1&resize=350%2C200 1x, https:\/\/i0.wp.com\/tukitco.net\/wp-content\/uploads\/2020\/07\/Diseno-sin-titulo-5.jpg?fit=1200%2C675&ssl=1&resize=525%2C300 1.5x, https:\/\/i0.wp.com\/tukitco.net\/wp-content\/uploads\/2020\/07\/Diseno-sin-titulo-5.jpg?fit=1200%2C675&ssl=1&resize=700%2C400 2x, https:\/\/i0.wp.com\/tukitco.net\/wp-content\/uploads\/2020\/07\/Diseno-sin-titulo-5.jpg?fit=1200%2C675&ssl=1&resize=1050%2C600 3x"},"classes":[]},{"id":2389,"url":"https:\/\/tukitco.net\/es\/2020\/08\/12\/como-se-espera-que-sean-los-organigramas-de-las-empresas-en-el-futuro-y-como-ello-implica-que-tengamos-mayor-autoconocimiento-sobre-nosotros-as-mismos-as\/","url_meta":{"origin":1896,"position":1},"title":"\u00bfC\u00f3mo est\u00e1n cambiando los organigramas de las empresas y c\u00f3mo ello implica que trabajemos nuestro autoconocimiento?","author":"Elsa Gimenez Buendia","date":"12 agosto, 2020","format":false,"excerpt":"La estructura organizativa m\u00e1s conocida hasta la actualidad ha sido la estructura jer\u00e1rquica vertical.\u00a0 Esta estructura jer\u00e1rquica, de forma piramidal, est\u00e1 marcada por la autoridad, recayendo la responsabilidad y las decisiones especialmente en la parte alta de la pir\u00e1mide.\u00a0Aunque ha sido una estructura que han adaptado todo tipo de empresas,\u2026","rel":"","context":"En \u00abArt\u00edculos\u00bb","block_context":{"text":"Art\u00edculos","link":"https:\/\/tukitco.net\/es\/category\/articulos\/"},"img":{"alt_text":"","src":"https:\/\/i0.wp.com\/tukitco.net\/wp-content\/uploads\/2020\/08\/Diseno-sin-titulo-10.jpg?fit=1200%2C675&ssl=1&resize=350%2C200","width":350,"height":200,"srcset":"https:\/\/i0.wp.com\/tukitco.net\/wp-content\/uploads\/2020\/08\/Diseno-sin-titulo-10.jpg?fit=1200%2C675&ssl=1&resize=350%2C200 1x, https:\/\/i0.wp.com\/tukitco.net\/wp-content\/uploads\/2020\/08\/Diseno-sin-titulo-10.jpg?fit=1200%2C675&ssl=1&resize=525%2C300 1.5x, https:\/\/i0.wp.com\/tukitco.net\/wp-content\/uploads\/2020\/08\/Diseno-sin-titulo-10.jpg?fit=1200%2C675&ssl=1&resize=700%2C400 2x, https:\/\/i0.wp.com\/tukitco.net\/wp-content\/uploads\/2020\/08\/Diseno-sin-titulo-10.jpg?fit=1200%2C675&ssl=1&resize=1050%2C600 3x"},"classes":[]},{"id":20559,"url":"https:\/\/tukitco.net\/es\/2022\/09\/22\/efe-comunica-el-proyecto-europeo-de-kitco-para-su-orientacion-profesional\/","url_meta":{"origin":1896,"position":2},"title":"EFE publica proyecto de KitCo para j\u00f3venes de la Comisi\u00f3n Europea","author":"kitco.contact","date":"22 septiembre, 2022","format":false,"excerpt":"\u00a0Elsa Gim\u00e9nez\u00a0es ingeniera y coach para el autoliderazgo y bienestar. Fundadora de KitCo, empresa de recursos gamificados para la gesti\u00f3n del talento y desarrollo de la inteligencia emocional.Ingeniera qu\u00edmica que, tras estar varios a\u00f1os en puestos de responsabilidad en diferentes multinacionales en el sector de la energ\u00eda y la tecnolog\u00eda,\u2026","rel":"","context":"En \u00abNoticias\u00bb","block_context":{"text":"Noticias","link":"https:\/\/tukitco.net\/es\/category\/noticias\/"},"img":{"alt_text":"","src":"https:\/\/i0.wp.com\/tukitco.net\/wp-content\/uploads\/2024\/03\/Captura-de-pantalla-2024-03-25-a-las-11.12.08.png?fit=1200%2C772&ssl=1&resize=350%2C200","width":350,"height":200,"srcset":"https:\/\/i0.wp.com\/tukitco.net\/wp-content\/uploads\/2024\/03\/Captura-de-pantalla-2024-03-25-a-las-11.12.08.png?fit=1200%2C772&ssl=1&resize=350%2C200 1x, https:\/\/i0.wp.com\/tukitco.net\/wp-content\/uploads\/2024\/03\/Captura-de-pantalla-2024-03-25-a-las-11.12.08.png?fit=1200%2C772&ssl=1&resize=525%2C300 1.5x, https:\/\/i0.wp.com\/tukitco.net\/wp-content\/uploads\/2024\/03\/Captura-de-pantalla-2024-03-25-a-las-11.12.08.png?fit=1200%2C772&ssl=1&resize=700%2C400 2x, https:\/\/i0.wp.com\/tukitco.net\/wp-content\/uploads\/2024\/03\/Captura-de-pantalla-2024-03-25-a-las-11.12.08.png?fit=1200%2C772&ssl=1&resize=1050%2C600 3x"},"classes":[]},{"id":1900,"url":"https:\/\/tukitco.net\/es\/2020\/06\/23\/que-personas-son-felices\/","url_meta":{"origin":1896,"position":3},"title":"\u00bfQu\u00e9 personas son felices?","author":"Elsa Gimenez Buendia","date":"23 junio, 2020","format":false,"excerpt":"Tal y como se describe en libro\u00a0\"Fluir\" de Mihaly Csikszentmihalyi\u00a0(por cierto, un libro muy recomendable), y tras numerosos estudios de investigaci\u00f3n, la felicidad no es el resultado de la buena suerte o el azar, no es algo que se pueda comprar con dinero o con poder. No parece depender de\u2026","rel":"","context":"En \u00abArt\u00edculos\u00bb","block_context":{"text":"Art\u00edculos","link":"https:\/\/tukitco.net\/es\/category\/articulos\/"},"img":{"alt_text":"","src":"https:\/\/i0.wp.com\/tukitco.net\/wp-content\/uploads\/2020\/06\/Diseno-sin-titulo-4.jpg?fit=1200%2C675&ssl=1&resize=350%2C200","width":350,"height":200,"srcset":"https:\/\/i0.wp.com\/tukitco.net\/wp-content\/uploads\/2020\/06\/Diseno-sin-titulo-4.jpg?fit=1200%2C675&ssl=1&resize=350%2C200 1x, https:\/\/i0.wp.com\/tukitco.net\/wp-content\/uploads\/2020\/06\/Diseno-sin-titulo-4.jpg?fit=1200%2C675&ssl=1&resize=525%2C300 1.5x, https:\/\/i0.wp.com\/tukitco.net\/wp-content\/uploads\/2020\/06\/Diseno-sin-titulo-4.jpg?fit=1200%2C675&ssl=1&resize=700%2C400 2x, https:\/\/i0.wp.com\/tukitco.net\/wp-content\/uploads\/2020\/06\/Diseno-sin-titulo-4.jpg?fit=1200%2C675&ssl=1&resize=1050%2C600 3x"},"classes":[]},{"id":1967,"url":"https:\/\/tukitco.net\/es\/2020\/07\/08\/ikigai-una-simple-palabra-y-que-gran-significado-puede-dar-a-tu-vida\/","url_meta":{"origin":1896,"position":4},"title":"Ikigai, una simple palabra&#8230; y qu\u00e9 gran significado puede dar a tu vida","author":"Elsa Gimenez Buendia","date":"8 julio, 2020","format":false,"excerpt":"Recuerdo aquel d\u00eda hace a\u00f1os en la estaci\u00f3n de tren, en uno de esos viajes que mi trabajo me llevaba a hacer. Sol\u00eda entrar en los quioscos de la estaci\u00f3n para observar los libros, y muchas veces acababa comprando uno.Un d\u00eda entr\u00e9 en una tienda de cosas y ropa pensadas\u2026","rel":"","context":"En \u00abArt\u00edculos\u00bb","block_context":{"text":"Art\u00edculos","link":"https:\/\/tukitco.net\/es\/category\/articulos\/"},"img":{"alt_text":"","src":"https:\/\/i0.wp.com\/tukitco.net\/wp-content\/uploads\/2020\/07\/gratitud.png?fit=960%2C540&ssl=1&resize=350%2C200","width":350,"height":200,"srcset":"https:\/\/i0.wp.com\/tukitco.net\/wp-content\/uploads\/2020\/07\/gratitud.png?fit=960%2C540&ssl=1&resize=350%2C200 1x, https:\/\/i0.wp.com\/tukitco.net\/wp-content\/uploads\/2020\/07\/gratitud.png?fit=960%2C540&ssl=1&resize=525%2C300 1.5x, https:\/\/i0.wp.com\/tukitco.net\/wp-content\/uploads\/2020\/07\/gratitud.png?fit=960%2C540&ssl=1&resize=700%2C400 2x"},"classes":[]},{"id":14398,"url":"https:\/\/tukitco.net\/es\/2022\/08\/31\/proyectazo-para-aportar-valor\/","url_meta":{"origin":1896,"position":5},"title":"\u00a1Proyectazo para aportar valor, para los j\u00f3venes!","author":"kitco.contact","date":"31 agosto, 2022","format":false,"excerpt":"\u00a1Inscr\u00edbete aqui ahora! Estamos muy orgullosos y felices de poder anunciar este gran proyecto que\u00a0KitCo\u00a0ha conseguido junto con\u00a0beUnicoos\u00a0gracias a la gran labor del equipo de\u00a0Instituto de la Juventud INJUVE\u00a0del Ministerio de Derechos Sociales y Agenda 2030 y a iniciativas europeas como Erasmus + y TCA NET \u00a0de la Eramus Solidarity\u2026","rel":"","context":"En \u00abNoticias\u00bb","block_context":{"text":"Noticias","link":"https:\/\/tukitco.net\/es\/category\/noticias\/"},"img":{"alt_text":"","src":"https:\/\/i0.wp.com\/tukitco.net\/wp-content\/uploads\/2022\/08\/Copia-de-Copia-de-beKitCoo-Julio-2022-Discover-your-value-proposition-and-connect-with-the-world-Unique-people-for-a-better-life-world.png?fit=1200%2C675&ssl=1&resize=350%2C200","width":350,"height":200,"srcset":"https:\/\/i0.wp.com\/tukitco.net\/wp-content\/uploads\/2022\/08\/Copia-de-Copia-de-beKitCoo-Julio-2022-Discover-your-value-proposition-and-connect-with-the-world-Unique-people-for-a-better-life-world.png?fit=1200%2C675&ssl=1&resize=350%2C200 1x, https:\/\/i0.wp.com\/tukitco.net\/wp-content\/uploads\/2022\/08\/Copia-de-Copia-de-beKitCoo-Julio-2022-Discover-your-value-proposition-and-connect-with-the-world-Unique-people-for-a-better-life-world.png?fit=1200%2C675&ssl=1&resize=525%2C300 1.5x, https:\/\/i0.wp.com\/tukitco.net\/wp-content\/uploads\/2022\/08\/Copia-de-Copia-de-beKitCoo-Julio-2022-Discover-your-value-proposition-and-connect-with-the-world-Unique-people-for-a-better-life-world.png?fit=1200%2C675&ssl=1&resize=700%2C400 2x, https:\/\/i0.wp.com\/tukitco.net\/wp-content\/uploads\/2022\/08\/Copia-de-Copia-de-beKitCoo-Julio-2022-Discover-your-value-proposition-and-connect-with-the-world-Unique-people-for-a-better-life-world.png?fit=1200%2C675&ssl=1&resize=1050%2C600 3x"},"classes":[]}],"jetpack_sharing_enabled":true,"_links":{"self":[{"href":"https:\/\/tukitco.net\/es\/wp-json\/wp\/v2\/posts\/1896","targetHints":{"allow":["GET"]}}],"collection":[{"href":"https:\/\/tukitco.net\/es\/wp-json\/wp\/v2\/posts"}],"about":[{"href":"https:\/\/tukitco.net\/es\/wp-json\/wp\/v2\/types\/post"}],"author":[{"embeddable":true,"href":"https:\/\/tukitco.net\/es\/wp-json\/wp\/v2\/users\/177201424"}],"replies":[{"embeddable":true,"href":"https:\/\/tukitco.net\/es\/wp-json\/wp\/v2\/comments?post=1896"}],"version-history":[{"count":8,"href":"https:\/\/tukitco.net\/es\/wp-json\/wp\/v2\/posts\/1896\/revisions"}],"predecessor-version":[{"id":15713,"href":"https:\/\/tukitco.net\/es\/wp-json\/wp\/v2\/posts\/1896\/revisions\/15713"}],"wp:featuredmedia":[{"embeddable":true,"href":"https:\/\/tukitco.net\/es\/wp-json\/wp\/v2\/media\/15710"}],"wp:attachment":[{"href":"https:\/\/tukitco.net\/es\/wp-json\/wp\/v2\/media?parent=1896"}],"wp:term":[{"taxonomy":"category","embeddable":true,"href":"https:\/\/tukitco.net\/es\/wp-json\/wp\/v2\/categories?post=1896"},{"taxonomy":"post_tag","embeddable":true,"href":"https:\/\/tukitco.net\/es\/wp-json\/wp\/v2\/tags?post=1896"}],"curies":[{"name":"wp","href":"https:\/\/api.w.org\/{rel}","templated":true}]}}