{"id":4311,"date":"2020-12-14T00:19:22","date_gmt":"2020-12-14T00:19:22","guid":{"rendered":"https:\/\/tukitco.net\/?p=4311"},"modified":"2023-01-11T21:37:14","modified_gmt":"2023-01-11T21:37:14","slug":"cuando-tu-hijo-de-6-anos-te-pide-que-le-ayudes-a-mejorar-el-mundo","status":"publish","type":"post","link":"https:\/\/tukitco.net\/es\/2020\/12\/14\/cuando-tu-hijo-de-6-anos-te-pide-que-le-ayudes-a-mejorar-el-mundo\/","title":{"rendered":"Cuando tu hijo de 6 a\u00f1os te pide que le ayudes a mejorar el mundo"},"content":{"rendered":"\t\t<div data-elementor-type=\"wp-post\" data-elementor-id=\"4311\" class=\"elementor elementor-4311\" data-elementor-post-type=\"post\">\n\t\t\t\t\t\t<section data-particle_enable=\"false\" data-particle-mobile-disabled=\"false\" class=\"elementor-section elementor-top-section elementor-element elementor-element-55c45a36 elementor-section-stretched elementor-section-boxed elementor-section-height-default elementor-section-height-default\" data-id=\"55c45a36\" data-element_type=\"section\" data-e-type=\"section\" data-settings=\"{&quot;stretch_section&quot;:&quot;section-stretched&quot;}\">\n\t\t\t\t\t\t<div class=\"elementor-container elementor-column-gap-default\">\n\t\t\t\t\t<div class=\"elementor-column elementor-col-100 elementor-top-column elementor-element elementor-element-742949b0\" data-id=\"742949b0\" data-element_type=\"column\" data-e-type=\"column\">\n\t\t\t<div class=\"elementor-widget-wrap elementor-element-populated\">\n\t\t\t\t\t\t<div class=\"elementor-element elementor-element-45c7f2b elementor-widget elementor-widget-text-editor\" data-id=\"45c7f2b\" data-element_type=\"widget\" data-e-type=\"widget\" data-widget_type=\"text-editor.default\">\n\t\t\t\t<div class=\"elementor-widget-container\">\n\t\t\t\t\t\t\t\t\t<p>Si eres padre o madre y piensas que para ser padre o madre no hay que formarse, si piensas que ya est\u00e1 bien lo que haces y que poco o nada necesitas aprender para educar y acompa\u00f1ar mejor a tus hij@s, te pido, por favor, en nombre de mi hijo Arnau de 6 a\u00f1os, que leas este art\u00edculo.\u00a0<\/p><p>Hace unas semanas estaba haciendo un trabajo con el programa \u201ccanva\u201d. Un programa de dise\u00f1o de presentaciones, de publicaciones en redes sociales, etc. que si no conoces te recomiendo por ser muy f\u00e1cil, creativo e intuitivo. En este programa cada vez que descargas tu trabajo aparece una frase inspiradora que suelo leerme con atenci\u00f3n.<\/p><p>Ten\u00eda a mi hijo Arnau de 6 a\u00f1os encima de m\u00ed, suele gustarle ayudarme con mis trabajos creativos. \u00a0Esta vez, haci\u00e9ndole part\u00edcipe de mi proceso de trabajo, le\u00ed la frase inspiradora en voz alta: <span style=\"color: #000000;\"><strong>\u201cS\u00f3lo los locos que creen poder cambiar el mundo son los que lo consiguen\u201d. Steve Jobs.<\/strong><\/span><\/p><p>Me qued\u00e9 pensativa, se hizo por un momento el silencio, observ\u00e9 a Arnau que estaba en mis brazos, mir\u00e9 su cara, me estaba mirando sin decir nada, estaba igual que yo, observando en el silencio. Cuando finalmente le dije: \u201cPues yo cari\u00f1o, debo estar loca, porque quiero cambiar el mundo a mejor\u201d. Y le pregunt\u00e9: \u201c\u00bfa ti te gustar\u00eda cambiar el mundo a mejor? Me contest\u00f3: \u201cYo s\u00ed quiero cambiar el mundo a mejor\u201d y siguiendo la conversaci\u00f3n le pregunt\u00e9:<strong><span style=\"color: #b68e2d;\"> \u00bfqu\u00e9 crees que se necesita para hacer un mundo mejor?<\/span><\/strong><\/p><p>Ese instante se volvi\u00f3 m\u00e1gico, se convirti\u00f3 en uno de aquellos momentos grabados en el coraz\u00f3n, de aquellos que sabes que el d\u00eda que desaparezcas de este mundo formar\u00e1 parte de tus pensamientos, y de aquellos que te hacen luchar por lo que cada d\u00eda luchas.<\/p><p><strong><span style=\"color: #b68e2d;\">Arnau, mi hijo de 6 a\u00f1os reci\u00e9n cumplidos, contest\u00f3:<\/span> <span style=\"color: #b68e2d;\">\u201cense\u00f1ar a los padres como deben ense\u00f1ar a sus hijos\u201d.<\/span><\/strong> No he cambiado ni una sola palabra de lo que dijo, tal cual fue su respuesta: \u201cense\u00f1ar a los padres como deben ense\u00f1ar a sus hijos\u201d. Arnau intuy\u00f3 que yo quer\u00eda saber m\u00e1s, y acto seguido me dijo:<strong><span style=\"color: #b68e2d;\"> \u201cMami, cuando yo hago algo mal tu me lo ense\u00f1as pero no me haces sentir mal, y yo aprendo y no me siento mal, me siento bien\u201d.<\/span><\/strong><\/p><p>No se expresar lo que sent\u00ed, fue una mezcla entre esperanza y dolor. Esperanza porque sabes que parte de lo que es tu misi\u00f3n de vida tiene sentido, aprender a educar y acompa\u00f1ar a mis hij@s, y transmitir lo aprendido por si puede servir a otras personas. Y dolor por o\u00edr como un ni\u00f1o de 6 a\u00f1os, lejos de lo que podemos pensar, valora la importancia de c\u00f3mo los padres ense\u00f1an (en su vocabulario), educan y acompa\u00f1an (en el m\u00edo \ud83d\ude0a ) a sus hij@s.<\/p><p>Quiero ser la voz de mi hijo, quiero alzar la voz bien alta en su nombre, y por ello me he decido a escribir este art\u00edculo.<\/p><p>Padre o madre que piensas que para educar y acompa\u00f1ar a tus hij@s no hay que formarse, ojal\u00e1 hayas llegado hasta aqu\u00ed y te apetezca seguir leyendo, ojal\u00e1 p<span style=\"color: #000000;\">ueda sembrar una semilla en ti, una semilla que alg\u00fan d\u00eda por ti mismo\/a hagas florecer, por el bien de tus hij@s, por un mundo mejor<\/span>. Hacer florecer esa semilla no ser\u00e1 un camino f\u00e1cil, <span style=\"color: #b68e2d;\"><span style=\"color: #000000;\">tendr\u00e1s que salir de tu zona de confort,<\/span> <\/span><span style=\"color: #b68e2d;\"><span style=\"color: #000000;\">descubrir\u00e1s cosas de ti que te doler\u00e1n, pero esa valent\u00eda ser\u00e1 tu poder, un poder que te permitir\u00e1 acompa\u00f1ar a tus hij@s para que sean la mejor versi\u00f3n de si mism@s,<\/span> <\/span><span style=\"color: #b68e2d;\"><span style=\"color: #000000;\">as\u00ed sin m\u00e1s, la mejor versi\u00f3n de si mism@s.<\/span><\/span><\/p><p><\/p><\/div><\/div><\/div><\/div><\/div><\/section><\/div> <a href=\"https:\/\/tukitco.net\/es\/2020\/12\/14\/cuando-tu-hijo-de-6-anos-te-pide-que-le-ayudes-a-mejorar-el-mundo\/#more-4311\" class=\"more-link elementor-more-link\"><span aria-label=\"Sigue leyendo Cuando tu hijo de 6 a\u00f1os te pide que le ayudes a mejorar el mundo\">(m\u00e1s&hellip;)<\/span><\/a>","protected":false},"excerpt":{"rendered":"<p>Si eres padre o madre y piensas que para ser padre o madre no hay que formarse, si piensas que ya est\u00e1 bien lo que haces y que poco o nada necesitas aprender para educar y acompa\u00f1ar mejor a tus hij@s, te pido, por favor, en nombre de mi hijo Arnau de 6 a\u00f1os, que &hellip; <\/p>\n<p class=\"link-more\"><a href=\"https:\/\/tukitco.net\/es\/2020\/12\/14\/cuando-tu-hijo-de-6-anos-te-pide-que-le-ayudes-a-mejorar-el-mundo\/\" class=\"more-link\">Continuar leyendo<span class=\"screen-reader-text\"> &#8220;Cuando tu hijo de 6 a\u00f1os te pide que le ayudes a mejorar el mundo&#8221;<\/span><\/a><\/p>\n","protected":false},"author":177201424,"featured_media":15828,"comment_status":"open","ping_status":"open","sticky":false,"template":"","format":"standard","meta":{"_eb_attr":"","_crdt_document":"","_jetpack_newsletter_access":"","_jetpack_dont_email_post_to_subs":false,"_jetpack_newsletter_tier_id":0,"_jetpack_memberships_contains_paywalled_content":false,"_jetpack_memberships_contains_paid_content":false,"footnotes":"","jetpack_post_was_ever_published":false},"categories":[121906],"tags":[121911,121913,121850,121932,121851],"class_list":["post-4311","post","type-post","status-publish","format-standard","has-post-thumbnail","hentry","category-articulos","tag-adolescente","tag-educacion","tag-emociones","tag-familias","tag-sentimientos"],"yoast_head":"<!-- This site is optimized with the Yoast SEO Premium plugin v20.8 (Yoast SEO v27.5) - https:\/\/yoast.com\/product\/yoast-seo-premium-wordpress\/ -->\n<title>Cuando tu hijo de 6 a\u00f1os te pide que le ayudes a mejorar el mundo &#8211; KitCo<\/title>\n<meta name=\"robots\" content=\"index, follow, max-snippet:-1, max-image-preview:large, max-video-preview:-1\" \/>\n<link rel=\"canonical\" href=\"https:\/\/tukitco.net\/es\/2020\/12\/14\/cuando-tu-hijo-de-6-anos-te-pide-que-le-ayudes-a-mejorar-el-mundo\/\" \/>\n<meta property=\"og:locale\" content=\"es_ES\" \/>\n<meta property=\"og:type\" content=\"article\" \/>\n<meta property=\"og:title\" content=\"Cuando tu hijo de 6 a\u00f1os te pide que le ayudes a mejorar el mundo\" \/>\n<meta property=\"og:description\" content=\"Si eres padre o madre y piensas que para ser padre o madre no hay que formarse, si piensas que ya est\u00e1 bien lo que haces y que poco o nada necesitas\" \/>\n<meta property=\"og:url\" content=\"https:\/\/tukitco.net\/es\/2020\/12\/14\/cuando-tu-hijo-de-6-anos-te-pide-que-le-ayudes-a-mejorar-el-mundo\/\" \/>\n<meta property=\"og:site_name\" content=\"KitCo\" \/>\n<meta property=\"article:publisher\" content=\"https:\/\/www.facebook.com\/KitCoCoaching\/\" \/>\n<meta property=\"article:published_time\" content=\"2020-12-14T00:19:22+00:00\" \/>\n<meta property=\"article:modified_time\" content=\"2023-01-11T21:37:14+00:00\" \/>\n<meta property=\"og:image\" content=\"https:\/\/tukitco.net\/wp-content\/uploads\/2020\/12\/Diseno-sin-titulo-16.jpg\" \/>\n\t<meta property=\"og:image:width\" content=\"1920\" \/>\n\t<meta property=\"og:image:height\" content=\"1080\" \/>\n\t<meta property=\"og:image:type\" content=\"image\/jpeg\" \/>\n<meta name=\"author\" content=\"Elsa Gimenez Buendia\" \/>\n<meta name=\"twitter:card\" content=\"summary_large_image\" \/>\n<meta name=\"twitter:creator\" content=\"@ElsaGimnez\" \/>\n<meta name=\"twitter:site\" content=\"@ElsaGimnez\" \/>\n<meta name=\"twitter:label1\" content=\"Escrito por\" \/>\n\t<meta name=\"twitter:data1\" content=\"Elsa Gimenez Buendia\" \/>\n\t<meta name=\"twitter:label2\" content=\"Tiempo de lectura\" \/>\n\t<meta name=\"twitter:data2\" content=\"15 minutos\" \/>\n<script type=\"application\/ld+json\" class=\"yoast-schema-graph\">{\"@context\":\"https:\\\/\\\/schema.org\",\"@graph\":[{\"@type\":\"Article\",\"@id\":\"https:\\\/\\\/tukitco.net\\\/es\\\/2020\\\/12\\\/14\\\/cuando-tu-hijo-de-6-anos-te-pide-que-le-ayudes-a-mejorar-el-mundo\\\/#article\",\"isPartOf\":{\"@id\":\"https:\\\/\\\/tukitco.net\\\/es\\\/2020\\\/12\\\/14\\\/cuando-tu-hijo-de-6-anos-te-pide-que-le-ayudes-a-mejorar-el-mundo\\\/\"},\"author\":{\"name\":\"Elsa Gimenez Buendia\",\"@id\":\"https:\\\/\\\/tukitco.net\\\/#\\\/schema\\\/person\\\/45b5e560063cf5bcb8261bb671af34d6\"},\"headline\":\"Cuando tu hijo de 6 a\u00f1os te pide que le ayudes a mejorar el mundo\",\"datePublished\":\"2020-12-14T00:19:22+00:00\",\"dateModified\":\"2023-01-11T21:37:14+00:00\",\"mainEntityOfPage\":{\"@id\":\"https:\\\/\\\/tukitco.net\\\/es\\\/2020\\\/12\\\/14\\\/cuando-tu-hijo-de-6-anos-te-pide-que-le-ayudes-a-mejorar-el-mundo\\\/\"},\"wordCount\":2427,\"commentCount\":1,\"publisher\":{\"@id\":\"https:\\\/\\\/tukitco.net\\\/#organization\"},\"image\":{\"@id\":\"https:\\\/\\\/tukitco.net\\\/es\\\/2020\\\/12\\\/14\\\/cuando-tu-hijo-de-6-anos-te-pide-que-le-ayudes-a-mejorar-el-mundo\\\/#primaryimage\"},\"thumbnailUrl\":\"https:\\\/\\\/i0.wp.com\\\/tukitco.net\\\/wp-content\\\/uploads\\\/2020\\\/12\\\/Diseno-sin-titulo-16.jpg?fit=1920%2C1080&ssl=1\",\"keywords\":[\"Adolescente\",\"Educaci\u00f3n\",\"Emociones\",\"Familias\",\"Sentimientos\"],\"articleSection\":[\"Art\u00edculos\"],\"inLanguage\":\"es\",\"potentialAction\":[{\"@type\":\"CommentAction\",\"name\":\"Comment\",\"target\":[\"https:\\\/\\\/tukitco.net\\\/es\\\/2020\\\/12\\\/14\\\/cuando-tu-hijo-de-6-anos-te-pide-que-le-ayudes-a-mejorar-el-mundo\\\/#respond\"]}]},{\"@type\":\"WebPage\",\"@id\":\"https:\\\/\\\/tukitco.net\\\/es\\\/2020\\\/12\\\/14\\\/cuando-tu-hijo-de-6-anos-te-pide-que-le-ayudes-a-mejorar-el-mundo\\\/\",\"url\":\"https:\\\/\\\/tukitco.net\\\/es\\\/2020\\\/12\\\/14\\\/cuando-tu-hijo-de-6-anos-te-pide-que-le-ayudes-a-mejorar-el-mundo\\\/\",\"name\":\"Cuando tu hijo de 6 a\u00f1os te pide que le ayudes a mejorar el mundo &#8211; KitCo\",\"isPartOf\":{\"@id\":\"https:\\\/\\\/tukitco.net\\\/#website\"},\"primaryImageOfPage\":{\"@id\":\"https:\\\/\\\/tukitco.net\\\/es\\\/2020\\\/12\\\/14\\\/cuando-tu-hijo-de-6-anos-te-pide-que-le-ayudes-a-mejorar-el-mundo\\\/#primaryimage\"},\"image\":{\"@id\":\"https:\\\/\\\/tukitco.net\\\/es\\\/2020\\\/12\\\/14\\\/cuando-tu-hijo-de-6-anos-te-pide-que-le-ayudes-a-mejorar-el-mundo\\\/#primaryimage\"},\"thumbnailUrl\":\"https:\\\/\\\/i0.wp.com\\\/tukitco.net\\\/wp-content\\\/uploads\\\/2020\\\/12\\\/Diseno-sin-titulo-16.jpg?fit=1920%2C1080&ssl=1\",\"datePublished\":\"2020-12-14T00:19:22+00:00\",\"dateModified\":\"2023-01-11T21:37:14+00:00\",\"breadcrumb\":{\"@id\":\"https:\\\/\\\/tukitco.net\\\/es\\\/2020\\\/12\\\/14\\\/cuando-tu-hijo-de-6-anos-te-pide-que-le-ayudes-a-mejorar-el-mundo\\\/#breadcrumb\"},\"inLanguage\":\"es\",\"potentialAction\":[{\"@type\":\"ReadAction\",\"target\":[\"https:\\\/\\\/tukitco.net\\\/es\\\/2020\\\/12\\\/14\\\/cuando-tu-hijo-de-6-anos-te-pide-que-le-ayudes-a-mejorar-el-mundo\\\/\"]}]},{\"@type\":\"ImageObject\",\"inLanguage\":\"es\",\"@id\":\"https:\\\/\\\/tukitco.net\\\/es\\\/2020\\\/12\\\/14\\\/cuando-tu-hijo-de-6-anos-te-pide-que-le-ayudes-a-mejorar-el-mundo\\\/#primaryimage\",\"url\":\"https:\\\/\\\/i0.wp.com\\\/tukitco.net\\\/wp-content\\\/uploads\\\/2020\\\/12\\\/Diseno-sin-titulo-16.jpg?fit=1920%2C1080&ssl=1\",\"contentUrl\":\"https:\\\/\\\/i0.wp.com\\\/tukitco.net\\\/wp-content\\\/uploads\\\/2020\\\/12\\\/Diseno-sin-titulo-16.jpg?fit=1920%2C1080&ssl=1\",\"width\":1920,\"height\":1080},{\"@type\":\"BreadcrumbList\",\"@id\":\"https:\\\/\\\/tukitco.net\\\/es\\\/2020\\\/12\\\/14\\\/cuando-tu-hijo-de-6-anos-te-pide-que-le-ayudes-a-mejorar-el-mundo\\\/#breadcrumb\",\"itemListElement\":[{\"@type\":\"ListItem\",\"position\":1,\"name\":\"Portada\",\"item\":\"https:\\\/\\\/tukitco.net\\\/\"},{\"@type\":\"ListItem\",\"position\":2,\"name\":\"Cuando tu hijo de 6 a\u00f1os te pide que le ayudes a mejorar el mundo\"}]},{\"@type\":\"WebSite\",\"@id\":\"https:\\\/\\\/tukitco.net\\\/#website\",\"url\":\"https:\\\/\\\/tukitco.net\\\/\",\"name\":\"KitCo\",\"description\":\"Juegos de Talentos, Valores y Emociones\",\"publisher\":{\"@id\":\"https:\\\/\\\/tukitco.net\\\/#organization\"},\"potentialAction\":[{\"@type\":\"SearchAction\",\"target\":{\"@type\":\"EntryPoint\",\"urlTemplate\":\"https:\\\/\\\/tukitco.net\\\/?s={search_term_string}\"},\"query-input\":{\"@type\":\"PropertyValueSpecification\",\"valueRequired\":true,\"valueName\":\"search_term_string\"}}],\"inLanguage\":\"es\"},{\"@type\":\"Organization\",\"@id\":\"https:\\\/\\\/tukitco.net\\\/#organization\",\"name\":\"KitCo For personal development\",\"url\":\"https:\\\/\\\/tukitco.net\\\/\",\"logo\":{\"@type\":\"ImageObject\",\"inLanguage\":\"es\",\"@id\":\"https:\\\/\\\/tukitco.net\\\/#\\\/schema\\\/logo\\\/image\\\/\",\"url\":\"https:\\\/\\\/tukitco.net\\\/wp-content\\\/uploads\\\/2020\\\/06\\\/KITCO-COR-FONDO-TRANSPARENTE-GORDO-8-SOLO-CARA-1.png\",\"contentUrl\":\"https:\\\/\\\/tukitco.net\\\/wp-content\\\/uploads\\\/2020\\\/06\\\/KITCO-COR-FONDO-TRANSPARENTE-GORDO-8-SOLO-CARA-1.png\",\"width\":1618,\"height\":1622,\"caption\":\"KitCo For personal development\"},\"image\":{\"@id\":\"https:\\\/\\\/tukitco.net\\\/#\\\/schema\\\/logo\\\/image\\\/\"},\"sameAs\":[\"https:\\\/\\\/www.facebook.com\\\/KitCoCoaching\\\/\",\"https:\\\/\\\/x.com\\\/ElsaGimnez\",\"https:\\\/\\\/www.instagram.com\\\/tukitco\\\/\",\"https:\\\/\\\/www.linkedin.com\\\/company\\\/tukitco\\\/\",\"https:\\\/\\\/www.youtube.com\\\/channel\\\/UCPAGQ-h0cDjdBnT87RvFK8w\"]},{\"@type\":\"Person\",\"@id\":\"https:\\\/\\\/tukitco.net\\\/#\\\/schema\\\/person\\\/45b5e560063cf5bcb8261bb671af34d6\",\"name\":\"Elsa Gimenez Buendia\",\"image\":{\"@type\":\"ImageObject\",\"inLanguage\":\"es\",\"@id\":\"https:\\\/\\\/secure.gravatar.com\\\/avatar\\\/b3ee9f2da2833b516f8fc3ac775bbd215551429f9022a03488972f78a85b5b9f?s=96&d=identicon&r=g\",\"url\":\"https:\\\/\\\/secure.gravatar.com\\\/avatar\\\/b3ee9f2da2833b516f8fc3ac775bbd215551429f9022a03488972f78a85b5b9f?s=96&d=identicon&r=g\",\"contentUrl\":\"https:\\\/\\\/secure.gravatar.com\\\/avatar\\\/b3ee9f2da2833b516f8fc3ac775bbd215551429f9022a03488972f78a85b5b9f?s=96&d=identicon&r=g\",\"caption\":\"Elsa Gimenez Buendia\"},\"url\":\"https:\\\/\\\/tukitco.net\\\/es\\\/author\\\/elsa-gimenez\\\/\"}]}<\/script>\n<!-- \/ Yoast SEO Premium plugin. -->","yoast_head_json":{"title":"Cuando tu hijo de 6 a\u00f1os te pide que le ayudes a mejorar el mundo &#8211; KitCo","robots":{"index":"index","follow":"follow","max-snippet":"max-snippet:-1","max-image-preview":"max-image-preview:large","max-video-preview":"max-video-preview:-1"},"canonical":"https:\/\/tukitco.net\/es\/2020\/12\/14\/cuando-tu-hijo-de-6-anos-te-pide-que-le-ayudes-a-mejorar-el-mundo\/","og_locale":"es_ES","og_type":"article","og_title":"Cuando tu hijo de 6 a\u00f1os te pide que le ayudes a mejorar el mundo","og_description":"Si eres padre o madre y piensas que para ser padre o madre no hay que formarse, si piensas que ya est\u00e1 bien lo que haces y que poco o nada necesitas","og_url":"https:\/\/tukitco.net\/es\/2020\/12\/14\/cuando-tu-hijo-de-6-anos-te-pide-que-le-ayudes-a-mejorar-el-mundo\/","og_site_name":"KitCo","article_publisher":"https:\/\/www.facebook.com\/KitCoCoaching\/","article_published_time":"2020-12-14T00:19:22+00:00","article_modified_time":"2023-01-11T21:37:14+00:00","og_image":[{"width":1920,"height":1080,"url":"https:\/\/tukitco.net\/wp-content\/uploads\/2020\/12\/Diseno-sin-titulo-16.jpg","type":"image\/jpeg"}],"author":"Elsa Gimenez Buendia","twitter_card":"summary_large_image","twitter_creator":"@ElsaGimnez","twitter_site":"@ElsaGimnez","twitter_misc":{"Escrito por":"Elsa Gimenez Buendia","Tiempo de lectura":"15 minutos"},"schema":{"@context":"https:\/\/schema.org","@graph":[{"@type":"Article","@id":"https:\/\/tukitco.net\/es\/2020\/12\/14\/cuando-tu-hijo-de-6-anos-te-pide-que-le-ayudes-a-mejorar-el-mundo\/#article","isPartOf":{"@id":"https:\/\/tukitco.net\/es\/2020\/12\/14\/cuando-tu-hijo-de-6-anos-te-pide-que-le-ayudes-a-mejorar-el-mundo\/"},"author":{"name":"Elsa Gimenez Buendia","@id":"https:\/\/tukitco.net\/#\/schema\/person\/45b5e560063cf5bcb8261bb671af34d6"},"headline":"Cuando tu hijo de 6 a\u00f1os te pide que le ayudes a mejorar el mundo","datePublished":"2020-12-14T00:19:22+00:00","dateModified":"2023-01-11T21:37:14+00:00","mainEntityOfPage":{"@id":"https:\/\/tukitco.net\/es\/2020\/12\/14\/cuando-tu-hijo-de-6-anos-te-pide-que-le-ayudes-a-mejorar-el-mundo\/"},"wordCount":2427,"commentCount":1,"publisher":{"@id":"https:\/\/tukitco.net\/#organization"},"image":{"@id":"https:\/\/tukitco.net\/es\/2020\/12\/14\/cuando-tu-hijo-de-6-anos-te-pide-que-le-ayudes-a-mejorar-el-mundo\/#primaryimage"},"thumbnailUrl":"https:\/\/i0.wp.com\/tukitco.net\/wp-content\/uploads\/2020\/12\/Diseno-sin-titulo-16.jpg?fit=1920%2C1080&ssl=1","keywords":["Adolescente","Educaci\u00f3n","Emociones","Familias","Sentimientos"],"articleSection":["Art\u00edculos"],"inLanguage":"es","potentialAction":[{"@type":"CommentAction","name":"Comment","target":["https:\/\/tukitco.net\/es\/2020\/12\/14\/cuando-tu-hijo-de-6-anos-te-pide-que-le-ayudes-a-mejorar-el-mundo\/#respond"]}]},{"@type":"WebPage","@id":"https:\/\/tukitco.net\/es\/2020\/12\/14\/cuando-tu-hijo-de-6-anos-te-pide-que-le-ayudes-a-mejorar-el-mundo\/","url":"https:\/\/tukitco.net\/es\/2020\/12\/14\/cuando-tu-hijo-de-6-anos-te-pide-que-le-ayudes-a-mejorar-el-mundo\/","name":"Cuando tu hijo de 6 a\u00f1os te pide que le ayudes a mejorar el mundo &#8211; KitCo","isPartOf":{"@id":"https:\/\/tukitco.net\/#website"},"primaryImageOfPage":{"@id":"https:\/\/tukitco.net\/es\/2020\/12\/14\/cuando-tu-hijo-de-6-anos-te-pide-que-le-ayudes-a-mejorar-el-mundo\/#primaryimage"},"image":{"@id":"https:\/\/tukitco.net\/es\/2020\/12\/14\/cuando-tu-hijo-de-6-anos-te-pide-que-le-ayudes-a-mejorar-el-mundo\/#primaryimage"},"thumbnailUrl":"https:\/\/i0.wp.com\/tukitco.net\/wp-content\/uploads\/2020\/12\/Diseno-sin-titulo-16.jpg?fit=1920%2C1080&ssl=1","datePublished":"2020-12-14T00:19:22+00:00","dateModified":"2023-01-11T21:37:14+00:00","breadcrumb":{"@id":"https:\/\/tukitco.net\/es\/2020\/12\/14\/cuando-tu-hijo-de-6-anos-te-pide-que-le-ayudes-a-mejorar-el-mundo\/#breadcrumb"},"inLanguage":"es","potentialAction":[{"@type":"ReadAction","target":["https:\/\/tukitco.net\/es\/2020\/12\/14\/cuando-tu-hijo-de-6-anos-te-pide-que-le-ayudes-a-mejorar-el-mundo\/"]}]},{"@type":"ImageObject","inLanguage":"es","@id":"https:\/\/tukitco.net\/es\/2020\/12\/14\/cuando-tu-hijo-de-6-anos-te-pide-que-le-ayudes-a-mejorar-el-mundo\/#primaryimage","url":"https:\/\/i0.wp.com\/tukitco.net\/wp-content\/uploads\/2020\/12\/Diseno-sin-titulo-16.jpg?fit=1920%2C1080&ssl=1","contentUrl":"https:\/\/i0.wp.com\/tukitco.net\/wp-content\/uploads\/2020\/12\/Diseno-sin-titulo-16.jpg?fit=1920%2C1080&ssl=1","width":1920,"height":1080},{"@type":"BreadcrumbList","@id":"https:\/\/tukitco.net\/es\/2020\/12\/14\/cuando-tu-hijo-de-6-anos-te-pide-que-le-ayudes-a-mejorar-el-mundo\/#breadcrumb","itemListElement":[{"@type":"ListItem","position":1,"name":"Portada","item":"https:\/\/tukitco.net\/"},{"@type":"ListItem","position":2,"name":"Cuando tu hijo de 6 a\u00f1os te pide que le ayudes a mejorar el mundo"}]},{"@type":"WebSite","@id":"https:\/\/tukitco.net\/#website","url":"https:\/\/tukitco.net\/","name":"KitCo","description":"Juegos de Talentos, Valores y Emociones","publisher":{"@id":"https:\/\/tukitco.net\/#organization"},"potentialAction":[{"@type":"SearchAction","target":{"@type":"EntryPoint","urlTemplate":"https:\/\/tukitco.net\/?s={search_term_string}"},"query-input":{"@type":"PropertyValueSpecification","valueRequired":true,"valueName":"search_term_string"}}],"inLanguage":"es"},{"@type":"Organization","@id":"https:\/\/tukitco.net\/#organization","name":"KitCo For personal development","url":"https:\/\/tukitco.net\/","logo":{"@type":"ImageObject","inLanguage":"es","@id":"https:\/\/tukitco.net\/#\/schema\/logo\/image\/","url":"https:\/\/tukitco.net\/wp-content\/uploads\/2020\/06\/KITCO-COR-FONDO-TRANSPARENTE-GORDO-8-SOLO-CARA-1.png","contentUrl":"https:\/\/tukitco.net\/wp-content\/uploads\/2020\/06\/KITCO-COR-FONDO-TRANSPARENTE-GORDO-8-SOLO-CARA-1.png","width":1618,"height":1622,"caption":"KitCo For personal development"},"image":{"@id":"https:\/\/tukitco.net\/#\/schema\/logo\/image\/"},"sameAs":["https:\/\/www.facebook.com\/KitCoCoaching\/","https:\/\/x.com\/ElsaGimnez","https:\/\/www.instagram.com\/tukitco\/","https:\/\/www.linkedin.com\/company\/tukitco\/","https:\/\/www.youtube.com\/channel\/UCPAGQ-h0cDjdBnT87RvFK8w"]},{"@type":"Person","@id":"https:\/\/tukitco.net\/#\/schema\/person\/45b5e560063cf5bcb8261bb671af34d6","name":"Elsa Gimenez Buendia","image":{"@type":"ImageObject","inLanguage":"es","@id":"https:\/\/secure.gravatar.com\/avatar\/b3ee9f2da2833b516f8fc3ac775bbd215551429f9022a03488972f78a85b5b9f?s=96&d=identicon&r=g","url":"https:\/\/secure.gravatar.com\/avatar\/b3ee9f2da2833b516f8fc3ac775bbd215551429f9022a03488972f78a85b5b9f?s=96&d=identicon&r=g","contentUrl":"https:\/\/secure.gravatar.com\/avatar\/b3ee9f2da2833b516f8fc3ac775bbd215551429f9022a03488972f78a85b5b9f?s=96&d=identicon&r=g","caption":"Elsa Gimenez Buendia"},"url":"https:\/\/tukitco.net\/es\/author\/elsa-gimenez\/"}]}},"jetpack_featured_media_url":"https:\/\/i0.wp.com\/tukitco.net\/wp-content\/uploads\/2020\/12\/Diseno-sin-titulo-16.jpg?fit=1920%2C1080&ssl=1","jetpack_likes_enabled":true,"jetpack_shortlink":"https:\/\/wp.me\/pbxVe8-17x","jetpack-related-posts":[{"id":11330,"url":"https:\/\/tukitco.net\/es\/2022\/03\/07\/como-luchar-juntos-contra-la-violencia\/","url_meta":{"origin":4311,"position":0},"title":"\u00bfC\u00f3mo luchar juntos contra la violencia?","author":"Elsa Gimenez Buendia","date":"7 marzo, 2022","format":false,"excerpt":"He decidido escribir este art\u00edculo porque siento la necesidad de aportar mi granito de arena para que alg\u00fan d\u00eda la violencia no sea necesaria. S\u00e9 que suena ut\u00f3pico, pero siempre digo que hay que creerlo para crearlo. Por otro lado, estoy convencida que la soluci\u00f3n s\u00f3lo pasa por la educaci\u00f3n.\u2026","rel":"","context":"En \u00abArt\u00edculos\u00bb","block_context":{"text":"Art\u00edculos","link":"https:\/\/tukitco.net\/es\/category\/articulos\/"},"img":{"alt_text":"","src":"https:\/\/i0.wp.com\/tukitco.net\/wp-content\/uploads\/2022\/03\/tukitco.netwp-adminupload.phpmodelist-4.jpg?fit=1200%2C675&ssl=1&resize=350%2C200","width":350,"height":200,"srcset":"https:\/\/i0.wp.com\/tukitco.net\/wp-content\/uploads\/2022\/03\/tukitco.netwp-adminupload.phpmodelist-4.jpg?fit=1200%2C675&ssl=1&resize=350%2C200 1x, https:\/\/i0.wp.com\/tukitco.net\/wp-content\/uploads\/2022\/03\/tukitco.netwp-adminupload.phpmodelist-4.jpg?fit=1200%2C675&ssl=1&resize=525%2C300 1.5x, https:\/\/i0.wp.com\/tukitco.net\/wp-content\/uploads\/2022\/03\/tukitco.netwp-adminupload.phpmodelist-4.jpg?fit=1200%2C675&ssl=1&resize=700%2C400 2x, https:\/\/i0.wp.com\/tukitco.net\/wp-content\/uploads\/2022\/03\/tukitco.netwp-adminupload.phpmodelist-4.jpg?fit=1200%2C675&ssl=1&resize=1050%2C600 3x"},"classes":[]},{"id":3164,"url":"https:\/\/tukitco.net\/es\/2020\/10\/04\/haces-preguntas-para-tus-hijos-o-para-ti\/","url_meta":{"origin":4311,"position":1},"title":"\u00bfHaces preguntas para tus hij@s o para t\u00ed?","author":"Elsa Gimenez Buendia","date":"4 octubre, 2020","format":false,"excerpt":"\u00bfTe has parado a pensar c\u00f3mo le haces las preguntas a tu hij@ adolescente? Esta fue mi reflexi\u00f3n cuando me adentr\u00e9 en el mundo del coaching. El coaching es una herramienta que permite la reflexi\u00f3n y la toma de decisiones desde nuestro ser. Utiliza una metodolog\u00eda basada en preguntas poderosas,\u2026","rel":"","context":"En \u00abArt\u00edculos\u00bb","block_context":{"text":"Art\u00edculos","link":"https:\/\/tukitco.net\/es\/category\/articulos\/"},"img":{"alt_text":"","src":"https:\/\/i0.wp.com\/tukitco.net\/wp-content\/uploads\/2020\/05\/5239A18D-BA56-4EDB-8437-AE57ED47FC8A.jpg?fit=808%2C1200&ssl=1&resize=350%2C200","width":350,"height":200,"srcset":"https:\/\/i0.wp.com\/tukitco.net\/wp-content\/uploads\/2020\/05\/5239A18D-BA56-4EDB-8437-AE57ED47FC8A.jpg?fit=808%2C1200&ssl=1&resize=350%2C200 1x, https:\/\/i0.wp.com\/tukitco.net\/wp-content\/uploads\/2020\/05\/5239A18D-BA56-4EDB-8437-AE57ED47FC8A.jpg?fit=808%2C1200&ssl=1&resize=525%2C300 1.5x, https:\/\/i0.wp.com\/tukitco.net\/wp-content\/uploads\/2020\/05\/5239A18D-BA56-4EDB-8437-AE57ED47FC8A.jpg?fit=808%2C1200&ssl=1&resize=700%2C400 2x"},"classes":[]},{"id":2632,"url":"https:\/\/tukitco.net\/es\/2020\/09\/22\/la-importancia-del-cerebro-emocional\/","url_meta":{"origin":4311,"position":2},"title":"La importancia del cerebro emocional en nuestr@s hij@s","author":"Elsa Gimenez Buendia","date":"22 septiembre, 2020","format":false,"excerpt":"\u00a0El cerebro de tu hijo\/a desde beb\u00e9\u00a0 cuenta ya con pr\u00e1cticamente la totalidad de las neuronas que tendr\u00e1 cuando sea mayor. La principal diferencia entre el cerebro de tus hijos y el tuyo es que el tuyo ya ha desarrollado trillones de conexiones (sinpasis) entre las neuronas gracias al aprendizaje\u2026","rel":"","context":"En \u00abArt\u00edculos\u00bb","block_context":{"text":"Art\u00edculos","link":"https:\/\/tukitco.net\/es\/category\/articulos\/"},"img":{"alt_text":"","src":"https:\/\/i0.wp.com\/tukitco.net\/wp-content\/uploads\/2020\/09\/Diseno-sin-titulo-11.jpg?fit=1200%2C675&ssl=1&resize=350%2C200","width":350,"height":200,"srcset":"https:\/\/i0.wp.com\/tukitco.net\/wp-content\/uploads\/2020\/09\/Diseno-sin-titulo-11.jpg?fit=1200%2C675&ssl=1&resize=350%2C200 1x, https:\/\/i0.wp.com\/tukitco.net\/wp-content\/uploads\/2020\/09\/Diseno-sin-titulo-11.jpg?fit=1200%2C675&ssl=1&resize=525%2C300 1.5x, https:\/\/i0.wp.com\/tukitco.net\/wp-content\/uploads\/2020\/09\/Diseno-sin-titulo-11.jpg?fit=1200%2C675&ssl=1&resize=700%2C400 2x, https:\/\/i0.wp.com\/tukitco.net\/wp-content\/uploads\/2020\/09\/Diseno-sin-titulo-11.jpg?fit=1200%2C675&ssl=1&resize=1050%2C600 3x"},"classes":[]},{"id":5554,"url":"https:\/\/tukitco.net\/es\/2021\/03\/08\/cual-es-tu-propuesta-de-valor-asi-descubri-mi-ikigai-mi-proposito-mi-propuesta-de-valor\/","url_meta":{"origin":4311,"position":3},"title":"\u00bfCu\u00e1l es tu propuesta de valor? As\u00ed descubr\u00ed mi ikigai, mi prop\u00f3sito, mi propuesta de valor.","author":"Elsa Gimenez Buendia","date":"8 marzo, 2021","format":false,"excerpt":"Recuerdo y recordar\u00e9 toda mi vida un ejercicio de desarrollo personal que me dispuse a hacer hace a\u00f1os, en el que preguntaban: \u00bfqu\u00e9 sabes hacer? Y de coraz\u00f3n me da verg\u00fcenza deciros lo que contest\u00e9, son cosas muy \u00edntimas y privadas que cuestan de explicar, pero creo que los ejemplos\u2026","rel":"","context":"En \u00abArt\u00edculos\u00bb","block_context":{"text":"Art\u00edculos","link":"https:\/\/tukitco.net\/es\/category\/articulos\/"},"img":{"alt_text":"","src":"https:\/\/i0.wp.com\/tukitco.net\/wp-content\/uploads\/2021\/03\/Diseno-sin-titulo-25.jpg?fit=1200%2C675&ssl=1&resize=350%2C200","width":350,"height":200,"srcset":"https:\/\/i0.wp.com\/tukitco.net\/wp-content\/uploads\/2021\/03\/Diseno-sin-titulo-25.jpg?fit=1200%2C675&ssl=1&resize=350%2C200 1x, https:\/\/i0.wp.com\/tukitco.net\/wp-content\/uploads\/2021\/03\/Diseno-sin-titulo-25.jpg?fit=1200%2C675&ssl=1&resize=525%2C300 1.5x, https:\/\/i0.wp.com\/tukitco.net\/wp-content\/uploads\/2021\/03\/Diseno-sin-titulo-25.jpg?fit=1200%2C675&ssl=1&resize=700%2C400 2x, https:\/\/i0.wp.com\/tukitco.net\/wp-content\/uploads\/2021\/03\/Diseno-sin-titulo-25.jpg?fit=1200%2C675&ssl=1&resize=1050%2C600 3x"},"classes":[]},{"id":1914,"url":"https:\/\/tukitco.net\/es\/2020\/06\/30\/quien-eres\/","url_meta":{"origin":4311,"position":4},"title":"\u00bfQui\u00e9n eres?","author":"Elsa Gimenez Buendia","date":"30 junio, 2020","format":false,"excerpt":"Tantos a\u00f1os estudiando para trabajar, pero qu\u00e9 poco aprend\u00ed sobre qui\u00e9n era yo.\u00a0Recuerdo como si fuera ayer la siguiente din\u00e1mica de coaching que viv\u00ed como coachee:\u201c\u00bfQui\u00e9n eres?\u201d\u00a0Me pregunta mi coach Marta\u201cSoy Elsa\u201d. Contest\u00e9 yo\"\u00bfQui\u00e9n eres?\"\u00a0Marta me vuelve a preguntar.Yo sab\u00eda que Marta (mi coach) me hab\u00eda escuchado y entonces percib\u00ed\u2026","rel":"","context":"En \u00abArt\u00edculos\u00bb","block_context":{"text":"Art\u00edculos","link":"https:\/\/tukitco.net\/es\/category\/articulos\/"},"img":{"alt_text":"","src":"https:\/\/i0.wp.com\/tukitco.net\/wp-content\/uploads\/2020\/06\/Diseno-sin-titulo-22.png?fit=1200%2C675&ssl=1&resize=350%2C200","width":350,"height":200,"srcset":"https:\/\/i0.wp.com\/tukitco.net\/wp-content\/uploads\/2020\/06\/Diseno-sin-titulo-22.png?fit=1200%2C675&ssl=1&resize=350%2C200 1x, https:\/\/i0.wp.com\/tukitco.net\/wp-content\/uploads\/2020\/06\/Diseno-sin-titulo-22.png?fit=1200%2C675&ssl=1&resize=525%2C300 1.5x, https:\/\/i0.wp.com\/tukitco.net\/wp-content\/uploads\/2020\/06\/Diseno-sin-titulo-22.png?fit=1200%2C675&ssl=1&resize=700%2C400 2x, https:\/\/i0.wp.com\/tukitco.net\/wp-content\/uploads\/2020\/06\/Diseno-sin-titulo-22.png?fit=1200%2C675&ssl=1&resize=1050%2C600 3x"},"classes":[]},{"id":4730,"url":"https:\/\/tukitco.net\/es\/2021\/01\/23\/carta-a-mi-hija-adolescente-para-acompanarla-en-el-tema-del-alcohol\/","url_meta":{"origin":4311,"position":5},"title":"Carta a mi hija adolescente para acompa\u00f1arla en el tema del alcohol.","author":"Elsa Gimenez Buendia","date":"23 enero, 2021","format":false,"excerpt":"\"Cari\u00f1o, entiendo que est\u00e1s encontrando o pronto podr\u00e1s encontrarte con nuevas situaciones que requieren que tomes decisiones importantes, como por ejemplo el tema del alcohol. De nada servir\u00eda que te dijera que no bebas, porque no entender\u00edas qu\u00e9 quiero realmente transmitirte; y al final, o probablemente acabar\u00edas bebiendo y no\u2026","rel":"","context":"En \u00abArt\u00edculos\u00bb","block_context":{"text":"Art\u00edculos","link":"https:\/\/tukitco.net\/es\/category\/articulos\/"},"img":{"alt_text":"","src":"https:\/\/i0.wp.com\/tukitco.net\/wp-content\/uploads\/2021\/01\/Diseno-sin-titulo-20.jpg?fit=1200%2C675&ssl=1&resize=350%2C200","width":350,"height":200,"srcset":"https:\/\/i0.wp.com\/tukitco.net\/wp-content\/uploads\/2021\/01\/Diseno-sin-titulo-20.jpg?fit=1200%2C675&ssl=1&resize=350%2C200 1x, https:\/\/i0.wp.com\/tukitco.net\/wp-content\/uploads\/2021\/01\/Diseno-sin-titulo-20.jpg?fit=1200%2C675&ssl=1&resize=525%2C300 1.5x, https:\/\/i0.wp.com\/tukitco.net\/wp-content\/uploads\/2021\/01\/Diseno-sin-titulo-20.jpg?fit=1200%2C675&ssl=1&resize=700%2C400 2x, https:\/\/i0.wp.com\/tukitco.net\/wp-content\/uploads\/2021\/01\/Diseno-sin-titulo-20.jpg?fit=1200%2C675&ssl=1&resize=1050%2C600 3x"},"classes":[]}],"jetpack_sharing_enabled":true,"_links":{"self":[{"href":"https:\/\/tukitco.net\/es\/wp-json\/wp\/v2\/posts\/4311","targetHints":{"allow":["GET"]}}],"collection":[{"href":"https:\/\/tukitco.net\/es\/wp-json\/wp\/v2\/posts"}],"about":[{"href":"https:\/\/tukitco.net\/es\/wp-json\/wp\/v2\/types\/post"}],"author":[{"embeddable":true,"href":"https:\/\/tukitco.net\/es\/wp-json\/wp\/v2\/users\/177201424"}],"replies":[{"embeddable":true,"href":"https:\/\/tukitco.net\/es\/wp-json\/wp\/v2\/comments?post=4311"}],"version-history":[{"count":41,"href":"https:\/\/tukitco.net\/es\/wp-json\/wp\/v2\/posts\/4311\/revisions"}],"predecessor-version":[{"id":15831,"href":"https:\/\/tukitco.net\/es\/wp-json\/wp\/v2\/posts\/4311\/revisions\/15831"}],"wp:featuredmedia":[{"embeddable":true,"href":"https:\/\/tukitco.net\/es\/wp-json\/wp\/v2\/media\/15828"}],"wp:attachment":[{"href":"https:\/\/tukitco.net\/es\/wp-json\/wp\/v2\/media?parent=4311"}],"wp:term":[{"taxonomy":"category","embeddable":true,"href":"https:\/\/tukitco.net\/es\/wp-json\/wp\/v2\/categories?post=4311"},{"taxonomy":"post_tag","embeddable":true,"href":"https:\/\/tukitco.net\/es\/wp-json\/wp\/v2\/tags?post=4311"}],"curies":[{"name":"wp","href":"https:\/\/api.w.org\/{rel}","templated":true}]}}